{"id":20899,"date":"2025-09-18T01:01:00","date_gmt":"2025-09-18T00:01:00","guid":{"rendered":"https:\/\/www.wasserbassin.com\/site\/?p=20899"},"modified":"2025-09-16T12:14:27","modified_gmt":"2025-09-16T11:14:27","slug":"wasser-bassin-eco-onda-sonora-exhibition-fbaup","status":"publish","type":"post","link":"https:\/\/www.wasserbassin.com\/site\/wasser-bassin-eco-onda-sonora-exhibition-fbaup\/","title":{"rendered":"Wasser Bassin @ Eco: Onda Sonora &#8211; Exhibition &#8211; FBAUP!!!"},"content":{"rendered":"\n<p>\ud835\udc04\ud835\udc31\ud835\udc29\ud835\udc28\ud835\udc2c\ud835\udc22<strong>\u00e7\u00e3o<\/strong> \ud835\udc04\ud835\udc02\ud835\udc0e: \ud835\udc0e\ud835\udc0d\ud835\udc03\ud835\udc00 \ud835\udc12\ud835\udc0e\ud835\udc0d\ud835\udc0e\ud835\udc11\ud835\udc00<\/p>\n\n\n\n<p>Pavilh\u00e3o de Exposi\u00e7\u00f5es da FBAUP<\/p>\n\n\n\n<p>Inaugura dia 18 de setembro 2025, \u00e0s 18h<\/p>\n\n\n\n<p>Curadoria: Jos\u00e9 Carneiro<\/p>\n\n\n\n<p><strong>ECO: ONDA SONORA<\/strong> explora a resson\u00e2ncia entre m\u00fasica, artes visuais e design gr\u00e1fico, tendo como ponto de partida o disco de vinil, objeto que \u00e9 simultaneamente suporte de som e superf\u00edcie visual. O projeto nasce da recente incorpora\u00e7\u00e3o de cerca de quarenta discos de m\u00fasica portuguesa na Cole\u00e7\u00e3o da Faculdade de Belas Artes da Universidade do Porto, e re\u00fane cerca de cinquenta artistas visuais, fot\u00f3grafos, designers gr\u00e1ficos e m\u00fasicos, apresentando capas que reproduzem pinturas, fotografias, discos pr\u00f3ximos da escultura e da instala\u00e7\u00e3o, bem como propostas gr\u00e1ficas nascidas de rela\u00e7\u00f5es estreitas entre m\u00fasicos e designers. O percurso criativo abrange v\u00e1rias d\u00e9cadas, dos anos 1970 at\u00e9 2025.<\/p>\n\n\n\n<p>\u00c1udio de In\u00eas Tartaruga \u00c1gua e XAVIER PAES<\/p>\n\n\n\n<p>PATENTE AT\u00c9<\/p>\n\n\n\n<p>20 de dezembro de 2025<\/p>\n\n\n\n<p>Ter. \u2013 S\u00e1b. | 14h00\u201318h00<\/p>\n\n\n\n<p>Entrada livre<\/p>\n","protected":false},"excerpt":{"rendered":"<p>\ud835\udc04\ud835\udc31\ud835\udc29\ud835\udc28\ud835\udc2c\ud835\udc22\u00e7\u00e3o \ud835\udc04\ud835\udc02\ud835\udc0e: \ud835\udc0e\ud835\udc0d\ud835\udc03\ud835\udc00 \ud835\udc12\ud835\udc0e\ud835\udc0d\ud835\udc0e\ud835\udc11\ud835\udc00 Pavilh\u00e3o de Exposi\u00e7\u00f5es da FBAUP Inaugura dia 18 de setembro 2025, \u00e0s 18h Curadoria: Jos\u00e9 Carneiro ECO: ONDA SONORA explora a resson\u00e2ncia entre m\u00fasica, artes visuais e design gr\u00e1fico, tendo como ponto de partida o disco de vinil, objeto que \u00e9 simultaneamente suporte de som e superf\u00edcie visual. O projeto nasce <\/p>\n","protected":false},"author":1,"featured_media":20900,"comment_status":"closed","ping_status":"open","sticky":false,"template":"","format":"standard","meta":{"footnotes":""},"categories":[60,61],"tags":[906],"class_list":["post-20899","post","type-post","status-publish","format-standard","has-post-thumbnail","hentry","category-events","category-news","tag-wasser-bassin"],"_links":{"self":[{"href":"https:\/\/www.wasserbassin.com\/site\/wp-json\/wp\/v2\/posts\/20899","targetHints":{"allow":["GET"]}}],"collection":[{"href":"https:\/\/www.wasserbassin.com\/site\/wp-json\/wp\/v2\/posts"}],"about":[{"href":"https:\/\/www.wasserbassin.com\/site\/wp-json\/wp\/v2\/types\/post"}],"author":[{"embeddable":true,"href":"https:\/\/www.wasserbassin.com\/site\/wp-json\/wp\/v2\/users\/1"}],"replies":[{"embeddable":true,"href":"https:\/\/www.wasserbassin.com\/site\/wp-json\/wp\/v2\/comments?post=20899"}],"version-history":[{"count":1,"href":"https:\/\/www.wasserbassin.com\/site\/wp-json\/wp\/v2\/posts\/20899\/revisions"}],"predecessor-version":[{"id":20901,"href":"https:\/\/www.wasserbassin.com\/site\/wp-json\/wp\/v2\/posts\/20899\/revisions\/20901"}],"wp:featuredmedia":[{"embeddable":true,"href":"https:\/\/www.wasserbassin.com\/site\/wp-json\/wp\/v2\/media\/20900"}],"wp:attachment":[{"href":"https:\/\/www.wasserbassin.com\/site\/wp-json\/wp\/v2\/media?parent=20899"}],"wp:term":[{"taxonomy":"category","embeddable":true,"href":"https:\/\/www.wasserbassin.com\/site\/wp-json\/wp\/v2\/categories?post=20899"},{"taxonomy":"post_tag","embeddable":true,"href":"https:\/\/www.wasserbassin.com\/site\/wp-json\/wp\/v2\/tags?post=20899"}],"curies":[{"name":"wp","href":"https:\/\/api.w.org\/{rel}","templated":true}]}}